{"id":5223,"date":"2024-11-03T02:53:15","date_gmt":"2024-11-02T23:53:15","guid":{"rendered":"https:\/\/blog.camperlogy.com\/nahaufnahme-des-shantigo-sg4-caravan-durch-unser-team\/"},"modified":"2025-01-14T00:35:24","modified_gmt":"2025-01-13T21:35:24","slug":"nahaufnahme-des-shantigo-sg4-caravan-durch-unser-team-2","status":"publish","type":"post","link":"https:\/\/www.camperlogy-blog.com\/de\/nahaufnahme-des-shantigo-sg4-caravan-durch-unser-team-2\/","title":{"rendered":"Rekvan Wohnwagen Spectra Modell: Komfort in einem gezogenen Wohnwagen"},"content":{"rendered":"\t\t<div data-elementor-type=\"wp-post\" data-elementor-id=\"5223\" class=\"elementor elementor-5223 elementor-4840\" data-elementor-post-type=\"post\">\n\t\t\t\t<div class=\"elementor-element elementor-element-c5c298c e-flex e-con-boxed e-con e-parent\" data-id=\"c5c298c\" data-element_type=\"container\" data-settings=\"{&quot;ekit_has_onepagescroll_dot&quot;:&quot;yes&quot;}\">\n\t\t\t\t\t<div class=\"e-con-inner\">\n\t\t\t\t<div class=\"elementor-element elementor-element-49046bc elementor-widget__width-initial elementor-widget elementor-widget-text-editor\" data-id=\"49046bc\" data-element_type=\"widget\" data-settings=\"{&quot;ekit_we_effect_on&quot;:&quot;none&quot;}\" data-widget_type=\"text-editor.default\">\n\t\t\t\t<div class=\"elementor-widget-container\">\n\t\t\t\t\t\t\t\t\t<h1><span style=\"font-size: 18pt;\">Rekvan Spectra Zugfahrzeug Wohnwagen: Genaue Inspektion durch uns<\/span><\/h1>\n\t\t\t\t\t\t\t\t<\/div>\n\t\t\t\t<\/div>\n\t\t\t\t\t<\/div>\n\t\t\t\t<\/div>\n\t\t<div class=\"elementor-element elementor-element-8faa369 e-flex e-con-boxed e-con e-parent\" data-id=\"8faa369\" data-element_type=\"container\" data-settings=\"{&quot;ekit_has_onepagescroll_dot&quot;:&quot;yes&quot;}\">\n\t\t\t\t\t<div class=\"e-con-inner\">\n\t\t<div class=\"elementor-element elementor-element-9ef33c6 e-con-full e-flex e-con e-child\" data-id=\"9ef33c6\" data-element_type=\"container\" data-settings=\"{&quot;ekit_has_onepagescroll_dot&quot;:&quot;yes&quot;}\">\n\t\t\t\t<div class=\"elementor-element elementor-element-fdefa49 elementor-drop-cap-yes elementor-drop-cap-view-default elementor-widget elementor-widget-text-editor\" data-id=\"fdefa49\" data-element_type=\"widget\" data-settings=\"{&quot;drop_cap&quot;:&quot;yes&quot;,&quot;ekit_we_effect_on&quot;:&quot;none&quot;}\" data-widget_type=\"text-editor.default\">\n\t\t\t\t<div class=\"elementor-widget-container\">\n\t\t\t\t\t\t\t\t\t<p><em>Rekvan Caravan<\/em> bietet eine gro\u00dfartige Gelegenheit f\u00fcr alle, die mit der Natur in Ber\u00fchrung kommen wollen, und bringt mit seinen gezogenen Wohnwagenmodellen das Reiseerlebnis auf das h\u00f6chste Niveau. Vor allem das Modell Spectra zeichnet sich durch seine kompakte Struktur und seine hervorragenden Eigenschaften aus. Rekvan Caravan, ein Mitglied der Camperlogy-Familie, bietet benutzerorientierte L\u00f6sungen und vereint Komfort und \u00c4sthetik. Schauen wir uns das Modell Spectra im Detail an und werfen Sie einen Blick auf alle Merkmale dieses beeindruckenden Wohnwagens.  <\/p>\n\t\t\t\t\t\t\t\t<\/div>\n\t\t\t\t<\/div>\n\t\t\t\t<\/div>\n\t\t<div class=\"elementor-element elementor-element-91f8bf0 e-con-full e-flex e-con e-child\" data-id=\"91f8bf0\" data-element_type=\"container\" data-settings=\"{&quot;ekit_has_onepagescroll_dot&quot;:&quot;yes&quot;}\">\n\t\t\t\t<div class=\"elementor-element elementor-element-c207517 elementor-widget elementor-widget-image\" data-id=\"c207517\" data-element_type=\"widget\" data-settings=\"{&quot;ekit_we_effect_on&quot;:&quot;none&quot;}\" data-widget_type=\"image.default\">\n\t\t\t\t<div class=\"elementor-widget-container\">\n\t\t\t\t\t\t\t\t\t\t\t\t\t\t\t<img loading=\"lazy\" loading=\"lazy\" decoding=\"async\" width=\"1024\" height=\"683\" src=\"https:\/\/www.camperlogy-blog.com\/wp-content\/uploads\/2024\/11\/Rekvan-Spectra-1-1024x683.jpg\" class=\"attachment-large size-large wp-image-8024\" alt=\"\" title=\"\" srcset=\"https:\/\/www.camperlogy-blog.com\/wp-content\/uploads\/2024\/11\/Rekvan-Spectra-1-1024x683.jpg 1024w, https:\/\/www.camperlogy-blog.com\/wp-content\/uploads\/2024\/11\/Rekvan-Spectra-1-300x200.jpg 300w, https:\/\/www.camperlogy-blog.com\/wp-content\/uploads\/2024\/11\/Rekvan-Spectra-1-768x512.jpg 768w, https:\/\/www.camperlogy-blog.com\/wp-content\/uploads\/2024\/11\/Rekvan-Spectra-1-330x220.jpg 330w, https:\/\/www.camperlogy-blog.com\/wp-content\/uploads\/2024\/11\/Rekvan-Spectra-1-420x280.jpg 420w, https:\/\/www.camperlogy-blog.com\/wp-content\/uploads\/2024\/11\/Rekvan-Spectra-1-615x410.jpg 615w, https:\/\/www.camperlogy-blog.com\/wp-content\/uploads\/2024\/11\/Rekvan-Spectra-1-860x573.jpg 860w, https:\/\/www.camperlogy-blog.com\/wp-content\/uploads\/2024\/11\/Rekvan-Spectra-1.jpg 1500w\" sizes=\"auto, (max-width: 1024px) 100vw, 1024px\" \/>\t\t\t\t\t\t\t\t\t\t\t\t\t\t\t<\/div>\n\t\t\t\t<\/div>\n\t\t\t\t<\/div>\n\t\t\t\t\t<\/div>\n\t\t\t\t<\/div>\n\t\t<div class=\"elementor-element elementor-element-f769cfc e-flex e-con-boxed e-con e-parent\" data-id=\"f769cfc\" data-element_type=\"container\" data-settings=\"{&quot;ekit_has_onepagescroll_dot&quot;:&quot;yes&quot;}\">\n\t\t\t\t\t<div class=\"e-con-inner\">\n\t\t\t\t<div class=\"elementor-element elementor-element-c7fe41f elementor-widget-divider--view-line elementor-widget elementor-widget-divider\" data-id=\"c7fe41f\" data-element_type=\"widget\" data-settings=\"{&quot;ekit_we_effect_on&quot;:&quot;none&quot;}\" data-widget_type=\"divider.default\">\n\t\t\t\t<div class=\"elementor-widget-container\">\n\t\t\t\t\t\t\t<div class=\"elementor-divider\">\n\t\t\t<span class=\"elementor-divider-separator\">\n\t\t\t\t\t\t<\/span>\n\t\t<\/div>\n\t\t\t\t\t\t<\/div>\n\t\t\t\t<\/div>\n\t\t\t\t\t<\/div>\n\t\t\t\t<\/div>\n\t\t<div class=\"elementor-element elementor-element-be7c807 e-flex e-con-boxed e-con e-parent\" data-id=\"be7c807\" data-element_type=\"container\" data-settings=\"{&quot;ekit_has_onepagescroll_dot&quot;:&quot;yes&quot;}\">\n\t\t\t\t\t<div class=\"e-con-inner\">\n\t\t\t\t<div class=\"elementor-element elementor-element-f4c3600 elementor-widget elementor-widget-text-editor\" data-id=\"f4c3600\" data-element_type=\"widget\" data-settings=\"{&quot;ekit_we_effect_on&quot;:&quot;none&quot;}\" data-widget_type=\"text-editor.default\">\n\t\t\t\t<div class=\"elementor-widget-container\">\n\t\t\t\t\t\t\t\t\t<h4><span style=\"font-size: 16pt;\">Kompaktes Design, hohe Funktionalit\u00e4t<\/span><\/h4>\n<p>Dank seiner kompakten Abmessungen ist das Modell Spectra sowohl f\u00fcr komfortable Aufnahmen in der Stadt als auch f\u00fcr Reisen in die Tiefen der Natur geeignet. Mit einer <strong>L\u00e4nge von 390 cm, einer Breite von 200 cm und einer H\u00f6he von 240 cm<\/strong> bietet dieses Modell seinen Nutzern ein freies Reiseerlebnis, da es auch auf engem Raum wendig bleibt. Die Karosserie aus Aluminiumverbundwerkstoff unterst\u00fctzt die leichte Struktur des Wohnwagens und erh\u00f6ht gleichzeitig die Haltbarkeit. Diese Struktur tr\u00e4gt zur Kraftstoffersparnis bei und sorgt daf\u00fcr, dass der Wohnwagen \u00fcber viele Jahre hinweg robust bleibt.  <\/p>\n\t\t\t\t\t\t\t\t<\/div>\n\t\t\t\t<\/div>\n\t\t\t\t\t<\/div>\n\t\t\t\t<\/div>\n\t\t<div class=\"elementor-element elementor-element-bc3a711 e-flex e-con-boxed e-con e-parent\" data-id=\"bc3a711\" data-element_type=\"container\" data-settings=\"{&quot;ekit_has_onepagescroll_dot&quot;:&quot;yes&quot;}\">\n\t\t\t\t\t<div class=\"e-con-inner\">\n\t\t<div class=\"elementor-element elementor-element-a856f5e e-con-full e-flex e-con e-child\" data-id=\"a856f5e\" data-element_type=\"container\" data-settings=\"{&quot;ekit_has_onepagescroll_dot&quot;:&quot;yes&quot;}\">\n\t\t\t\t<div class=\"elementor-element elementor-element-95f82d1 elementor-widget elementor-widget-image\" data-id=\"95f82d1\" data-element_type=\"widget\" data-settings=\"{&quot;ekit_we_effect_on&quot;:&quot;none&quot;}\" data-widget_type=\"image.default\">\n\t\t\t\t<div class=\"elementor-widget-container\">\n\t\t\t\t\t\t\t\t\t\t\t\t\t\t\t<img loading=\"lazy\" loading=\"lazy\" decoding=\"async\" width=\"520\" height=\"520\" src=\"https:\/\/www.camperlogy-blog.com\/wp-content\/uploads\/2024\/11\/Rekvan-Spectra-2.jpg\" class=\"attachment-large size-large wp-image-8027\" alt=\"\" title=\"\" srcset=\"https:\/\/www.camperlogy-blog.com\/wp-content\/uploads\/2024\/11\/Rekvan-Spectra-2.jpg 520w, https:\/\/www.camperlogy-blog.com\/wp-content\/uploads\/2024\/11\/Rekvan-Spectra-2-300x300.jpg 300w, https:\/\/www.camperlogy-blog.com\/wp-content\/uploads\/2024\/11\/Rekvan-Spectra-2-150x150.jpg 150w\" sizes=\"auto, (max-width: 520px) 100vw, 520px\" \/>\t\t\t\t\t\t\t\t\t\t\t\t\t\t\t<\/div>\n\t\t\t\t<\/div>\n\t\t\t\t<\/div>\n\t\t<div class=\"elementor-element elementor-element-6847b8f e-con-full e-flex e-con e-child\" data-id=\"6847b8f\" data-element_type=\"container\" data-settings=\"{&quot;ekit_has_onepagescroll_dot&quot;:&quot;yes&quot;}\">\n\t\t\t\t<div class=\"elementor-element elementor-element-8e456ef elementor-widget elementor-widget-image\" data-id=\"8e456ef\" data-element_type=\"widget\" data-settings=\"{&quot;ekit_we_effect_on&quot;:&quot;none&quot;}\" data-widget_type=\"image.default\">\n\t\t\t\t<div class=\"elementor-widget-container\">\n\t\t\t\t\t\t\t\t\t\t\t\t\t\t\t<img loading=\"lazy\" loading=\"lazy\" decoding=\"async\" width=\"1024\" height=\"683\" src=\"https:\/\/www.camperlogy-blog.com\/wp-content\/uploads\/2024\/11\/Rekvan-Spectra-1-1024x683.jpg\" class=\"attachment-large size-large wp-image-8024\" alt=\"\" title=\"\" srcset=\"https:\/\/www.camperlogy-blog.com\/wp-content\/uploads\/2024\/11\/Rekvan-Spectra-1-1024x683.jpg 1024w, https:\/\/www.camperlogy-blog.com\/wp-content\/uploads\/2024\/11\/Rekvan-Spectra-1-300x200.jpg 300w, https:\/\/www.camperlogy-blog.com\/wp-content\/uploads\/2024\/11\/Rekvan-Spectra-1-768x512.jpg 768w, https:\/\/www.camperlogy-blog.com\/wp-content\/uploads\/2024\/11\/Rekvan-Spectra-1-330x220.jpg 330w, https:\/\/www.camperlogy-blog.com\/wp-content\/uploads\/2024\/11\/Rekvan-Spectra-1-420x280.jpg 420w, https:\/\/www.camperlogy-blog.com\/wp-content\/uploads\/2024\/11\/Rekvan-Spectra-1-615x410.jpg 615w, https:\/\/www.camperlogy-blog.com\/wp-content\/uploads\/2024\/11\/Rekvan-Spectra-1-860x573.jpg 860w, https:\/\/www.camperlogy-blog.com\/wp-content\/uploads\/2024\/11\/Rekvan-Spectra-1.jpg 1500w\" sizes=\"auto, (max-width: 1024px) 100vw, 1024px\" \/>\t\t\t\t\t\t\t\t\t\t\t\t\t\t\t<\/div>\n\t\t\t\t<\/div>\n\t\t\t\t<\/div>\n\t\t\t\t\t<\/div>\n\t\t\t\t<\/div>\n\t\t<div class=\"elementor-element elementor-element-99a3acd e-flex e-con-boxed e-con e-parent\" data-id=\"99a3acd\" data-element_type=\"container\" data-settings=\"{&quot;ekit_has_onepagescroll_dot&quot;:&quot;yes&quot;}\">\n\t\t\t\t\t<div class=\"e-con-inner\">\n\t\t\t\t<div class=\"elementor-element elementor-element-747f0cb elementor-widget elementor-widget-text-editor\" data-id=\"747f0cb\" data-element_type=\"widget\" data-settings=\"{&quot;ekit_we_effect_on&quot;:&quot;none&quot;}\" data-widget_type=\"text-editor.default\">\n\t\t\t\t<div class=\"elementor-widget-container\">\n\t\t\t\t\t\t\t\t\t<h4>Infrastruktur zur Maximierung der Sicherheit<\/h4>\n<p>Ein weiterer Punkt, den Rekvan Karavan bei diesem Modell hervorhebt, ist die Sicherheit. Der Spectra bietet seinen Nutzern mit dem <em>KNOTT gebremsten Torsionsachssystem<\/em> maximale Sicherheit. Dieses System, das f\u00fcr ein ausgeglicheneres und sichereres Fahren auf der Stra\u00dfe sorgt, erh\u00f6ht das Sicherheitsgef\u00fchl auch bei schwierigen Stra\u00dfenverh\u00e4ltnissen. Au\u00dferdem sorgen vier St\u00fctzbeine und St\u00fctzr\u00e4der daf\u00fcr, dass der Wohnwagen auf festem Boden steht, wenn er geparkt oder abgestellt wird. Fiberglas-Kotfl\u00fcgel und Reflektoren sorgen f\u00fcr sicheres Fahren bei allen Wetterbedingungen.    <\/p>\n\t\t\t\t\t\t\t\t<\/div>\n\t\t\t\t<\/div>\n\t\t\t\t\t<\/div>\n\t\t\t\t<\/div>\n\t\t<div class=\"elementor-element elementor-element-d33d662 e-flex e-con-boxed e-con e-parent\" data-id=\"d33d662\" data-element_type=\"container\" data-settings=\"{&quot;ekit_has_onepagescroll_dot&quot;:&quot;yes&quot;}\">\n\t\t\t\t\t<div class=\"e-con-inner\">\n\t\t<div class=\"elementor-element elementor-element-4bb2e9d e-con-full e-flex e-con e-child\" data-id=\"4bb2e9d\" data-element_type=\"container\" data-settings=\"{&quot;ekit_has_onepagescroll_dot&quot;:&quot;yes&quot;}\">\n\t\t\t\t<div class=\"elementor-element elementor-element-d1143d8 elementor-widget elementor-widget-image\" data-id=\"d1143d8\" data-element_type=\"widget\" data-settings=\"{&quot;ekit_we_effect_on&quot;:&quot;none&quot;}\" data-widget_type=\"image.default\">\n\t\t\t\t<div class=\"elementor-widget-container\">\n\t\t\t\t\t\t\t\t\t\t\t\t\t\t\t<img loading=\"lazy\" loading=\"lazy\" decoding=\"async\" width=\"520\" height=\"520\" src=\"https:\/\/www.camperlogy-blog.com\/wp-content\/uploads\/2024\/11\/Rekvan_Sparkle-2.jpg\" class=\"attachment-large size-large wp-image-8009\" alt=\"\" title=\"\" srcset=\"https:\/\/www.camperlogy-blog.com\/wp-content\/uploads\/2024\/11\/Rekvan_Sparkle-2.jpg 520w, https:\/\/www.camperlogy-blog.com\/wp-content\/uploads\/2024\/11\/Rekvan_Sparkle-2-300x300.jpg 300w, https:\/\/www.camperlogy-blog.com\/wp-content\/uploads\/2024\/11\/Rekvan_Sparkle-2-150x150.jpg 150w\" sizes=\"auto, (max-width: 520px) 100vw, 520px\" \/>\t\t\t\t\t\t\t\t\t\t\t\t\t\t\t<\/div>\n\t\t\t\t<\/div>\n\t\t\t\t<\/div>\n\t\t<div class=\"elementor-element elementor-element-820c063 e-con-full e-flex e-con e-child\" data-id=\"820c063\" data-element_type=\"container\" data-settings=\"{&quot;ekit_has_onepagescroll_dot&quot;:&quot;yes&quot;}\">\n\t\t\t\t<div class=\"elementor-element elementor-element-8bd4460 elementor-widget elementor-widget-image\" data-id=\"8bd4460\" data-element_type=\"widget\" data-settings=\"{&quot;ekit_we_effect_on&quot;:&quot;none&quot;}\" data-widget_type=\"image.default\">\n\t\t\t\t<div class=\"elementor-widget-container\">\n\t\t\t\t\t\t\t\t\t\t\t\t\t\t\t<img loading=\"lazy\" loading=\"lazy\" decoding=\"async\" width=\"1024\" height=\"683\" src=\"https:\/\/www.camperlogy-blog.com\/wp-content\/uploads\/2024\/11\/Rekvan_Sparkle-1-1024x683.jpg\" class=\"attachment-large size-large wp-image-8006\" alt=\"\" title=\"\" srcset=\"https:\/\/www.camperlogy-blog.com\/wp-content\/uploads\/2024\/11\/Rekvan_Sparkle-1-1024x683.jpg 1024w, https:\/\/www.camperlogy-blog.com\/wp-content\/uploads\/2024\/11\/Rekvan_Sparkle-1-300x200.jpg 300w, https:\/\/www.camperlogy-blog.com\/wp-content\/uploads\/2024\/11\/Rekvan_Sparkle-1-768x512.jpg 768w, https:\/\/www.camperlogy-blog.com\/wp-content\/uploads\/2024\/11\/Rekvan_Sparkle-1-330x220.jpg 330w, https:\/\/www.camperlogy-blog.com\/wp-content\/uploads\/2024\/11\/Rekvan_Sparkle-1-420x280.jpg 420w, https:\/\/www.camperlogy-blog.com\/wp-content\/uploads\/2024\/11\/Rekvan_Sparkle-1-615x410.jpg 615w, https:\/\/www.camperlogy-blog.com\/wp-content\/uploads\/2024\/11\/Rekvan_Sparkle-1-860x573.jpg 860w, https:\/\/www.camperlogy-blog.com\/wp-content\/uploads\/2024\/11\/Rekvan_Sparkle-1.jpg 1500w\" sizes=\"auto, (max-width: 1024px) 100vw, 1024px\" \/>\t\t\t\t\t\t\t\t\t\t\t\t\t\t\t<\/div>\n\t\t\t\t<\/div>\n\t\t\t\t<\/div>\n\t\t\t\t\t<\/div>\n\t\t\t\t<\/div>\n\t\t<div class=\"elementor-element elementor-element-b8b3a3e e-flex e-con-boxed e-con e-parent\" data-id=\"b8b3a3e\" data-element_type=\"container\" data-settings=\"{&quot;ekit_has_onepagescroll_dot&quot;:&quot;yes&quot;}\">\n\t\t\t\t\t<div class=\"e-con-inner\">\n\t\t\t\t<div class=\"elementor-element elementor-element-9db4e27 elementor-widget elementor-widget-text-editor\" data-id=\"9db4e27\" data-element_type=\"widget\" data-settings=\"{&quot;ekit_we_effect_on&quot;:&quot;none&quot;}\" data-widget_type=\"text-editor.default\">\n\t\t\t\t<div class=\"elementor-widget-container\">\n\t\t\t\t\t\t\t\t\t<h4>Innenraumkomfort und \u00c4sthetik<\/h4>\n<p>Spectra verbindet mit seiner Innenausstattung Komfort und \u00c4sthetik. Die Innenverkleidung aus PVC-Paneelen bietet eine leicht zu reinigende Oberfl\u00e4che und verleiht dem Raum Frische. Die <em>U-f\u00f6rmige Sitzgruppe<\/em> kann in ein Bett f\u00fcr zwei Personen umgewandelt werden, so dass der Benutzer sowohl sitzen als auch schlafen kann. So haben Sie sowohl eine bequeme Sitzecke, in der Sie tags\u00fcber Zeit verbringen k\u00f6nnen, als auch ein bequemes Bett, in dem Sie sich nachts ausruhen k\u00f6nnen. Der <em>90-Liter-K\u00fchlschrank<\/em> deckt problemlos den Bedarf an Lebensmitteln auf langen Reisen.  <\/p>\n\t\t\t\t\t\t\t\t<\/div>\n\t\t\t\t<\/div>\n\t\t\t\t\t<\/div>\n\t\t\t\t<\/div>\n\t\t<div class=\"elementor-element elementor-element-551461a e-flex e-con-boxed e-con e-parent\" data-id=\"551461a\" data-element_type=\"container\" data-settings=\"{&quot;ekit_has_onepagescroll_dot&quot;:&quot;yes&quot;}\">\n\t\t\t\t\t<div class=\"e-con-inner\">\n\t\t<div class=\"elementor-element elementor-element-b5f2baf e-con-full e-flex e-con e-child\" data-id=\"b5f2baf\" data-element_type=\"container\" data-settings=\"{&quot;ekit_has_onepagescroll_dot&quot;:&quot;yes&quot;}\">\n\t\t\t\t<div class=\"elementor-element elementor-element-e1c273b elementor-widget elementor-widget-image\" data-id=\"e1c273b\" data-element_type=\"widget\" data-settings=\"{&quot;ekit_we_effect_on&quot;:&quot;none&quot;}\" data-widget_type=\"image.default\">\n\t\t\t\t<div class=\"elementor-widget-container\">\n\t\t\t\t\t\t\t\t\t\t\t\t\t\t\t<img loading=\"lazy\" loading=\"lazy\" decoding=\"async\" width=\"520\" height=\"520\" src=\"https:\/\/www.camperlogy-blog.com\/wp-content\/uploads\/2024\/11\/Rekvan-Weranda-2.jpg\" class=\"attachment-large size-large wp-image-8045\" alt=\"\" title=\"\" srcset=\"https:\/\/www.camperlogy-blog.com\/wp-content\/uploads\/2024\/11\/Rekvan-Weranda-2.jpg 520w, https:\/\/www.camperlogy-blog.com\/wp-content\/uploads\/2024\/11\/Rekvan-Weranda-2-300x300.jpg 300w, https:\/\/www.camperlogy-blog.com\/wp-content\/uploads\/2024\/11\/Rekvan-Weranda-2-150x150.jpg 150w\" sizes=\"auto, (max-width: 520px) 100vw, 520px\" \/>\t\t\t\t\t\t\t\t\t\t\t\t\t\t\t<\/div>\n\t\t\t\t<\/div>\n\t\t\t\t<\/div>\n\t\t<div class=\"elementor-element elementor-element-16730be e-con-full e-flex e-con e-child\" data-id=\"16730be\" data-element_type=\"container\" data-settings=\"{&quot;ekit_has_onepagescroll_dot&quot;:&quot;yes&quot;}\">\n\t\t\t\t<div class=\"elementor-element elementor-element-228908b elementor-widget elementor-widget-image\" data-id=\"228908b\" data-element_type=\"widget\" data-settings=\"{&quot;ekit_we_effect_on&quot;:&quot;none&quot;}\" data-widget_type=\"image.default\">\n\t\t\t\t<div class=\"elementor-widget-container\">\n\t\t\t\t\t\t\t\t\t\t\t\t\t\t\t<img loading=\"lazy\" loading=\"lazy\" decoding=\"async\" width=\"1024\" height=\"683\" src=\"https:\/\/www.camperlogy-blog.com\/wp-content\/uploads\/2024\/11\/Rekvan-Weranda-1-1024x683.jpg\" class=\"attachment-large size-large wp-image-8042\" alt=\"\" title=\"\" srcset=\"https:\/\/www.camperlogy-blog.com\/wp-content\/uploads\/2024\/11\/Rekvan-Weranda-1-1024x683.jpg 1024w, https:\/\/www.camperlogy-blog.com\/wp-content\/uploads\/2024\/11\/Rekvan-Weranda-1-300x200.jpg 300w, https:\/\/www.camperlogy-blog.com\/wp-content\/uploads\/2024\/11\/Rekvan-Weranda-1-768x512.jpg 768w, https:\/\/www.camperlogy-blog.com\/wp-content\/uploads\/2024\/11\/Rekvan-Weranda-1-330x220.jpg 330w, https:\/\/www.camperlogy-blog.com\/wp-content\/uploads\/2024\/11\/Rekvan-Weranda-1-420x280.jpg 420w, https:\/\/www.camperlogy-blog.com\/wp-content\/uploads\/2024\/11\/Rekvan-Weranda-1-615x410.jpg 615w, https:\/\/www.camperlogy-blog.com\/wp-content\/uploads\/2024\/11\/Rekvan-Weranda-1-860x573.jpg 860w, https:\/\/www.camperlogy-blog.com\/wp-content\/uploads\/2024\/11\/Rekvan-Weranda-1.jpg 1500w\" sizes=\"auto, (max-width: 1024px) 100vw, 1024px\" \/>\t\t\t\t\t\t\t\t\t\t\t\t\t\t\t<\/div>\n\t\t\t\t<\/div>\n\t\t\t\t<\/div>\n\t\t\t\t\t<\/div>\n\t\t\t\t<\/div>\n\t\t<div class=\"elementor-element elementor-element-2b40404 e-flex e-con-boxed e-con e-parent\" data-id=\"2b40404\" data-element_type=\"container\" data-settings=\"{&quot;ekit_has_onepagescroll_dot&quot;:&quot;yes&quot;}\">\n\t\t\t\t\t<div class=\"e-con-inner\">\n\t\t\t\t<div class=\"elementor-element elementor-element-741dc9e elementor-widget elementor-widget-text-editor\" data-id=\"741dc9e\" data-element_type=\"widget\" data-settings=\"{&quot;ekit_we_effect_on&quot;:&quot;none&quot;}\" data-widget_type=\"text-editor.default\">\n\t\t\t\t<div class=\"elementor-widget-container\">\n\t\t\t\t\t\t\t\t\t<h4>Gro\u00dfer K\u00fcchenbereich und Ausstattung<\/h4>\n<p>Das Modell Spectra verf\u00fcgt \u00fcber einen gro\u00dfen K\u00fcchenbereich, um den Bed\u00fcrfnissen der Nutzer gerecht zu werden. Der <em>doppelte Sicherheitsherd<\/em> und die <em>Sp\u00fcle<\/em>, die die M\u00f6glichkeit bieten, Mahlzeiten f\u00fcr zwei Personen zuzubereiten und zu kochen, sind f\u00fcr Reisende gedacht, die gerne kochen. Die K\u00fcchenschr\u00e4nke bieten reichlich Stauraum f\u00fcr die organisierte Aufbewahrung von K\u00fcchenutensilien. Diese Funktion ist eine sehr praktische L\u00f6sung f\u00fcr diejenigen, die einen l\u00e4ngeren Aufenthalt in der Natur planen. Die Schiebefenster in der K\u00fcche lassen frische Luft herein, w\u00e4hrend Moskitonetze und Vorhangsysteme das Eindringen von Insekten und Sonnenlicht verhindern.    <\/p>\n\t\t\t\t\t\t\t\t<\/div>\n\t\t\t\t<\/div>\n\t\t\t\t\t<\/div>\n\t\t\t\t<\/div>\n\t\t<div class=\"elementor-element elementor-element-3484d7d e-flex e-con-boxed e-con e-parent\" data-id=\"3484d7d\" data-element_type=\"container\" data-settings=\"{&quot;ekit_has_onepagescroll_dot&quot;:&quot;yes&quot;}\">\n\t\t\t\t\t<div class=\"e-con-inner\">\n\t\t<div class=\"elementor-element elementor-element-c540030 e-con-full e-flex e-con e-child\" data-id=\"c540030\" data-element_type=\"container\" data-settings=\"{&quot;ekit_has_onepagescroll_dot&quot;:&quot;yes&quot;}\">\n\t\t\t\t<div class=\"elementor-element elementor-element-97dec02 elementor-widget elementor-widget-image\" data-id=\"97dec02\" data-element_type=\"widget\" data-settings=\"{&quot;ekit_we_effect_on&quot;:&quot;none&quot;}\" data-widget_type=\"image.default\">\n\t\t\t\t<div class=\"elementor-widget-container\">\n\t\t\t\t\t\t\t\t\t\t\t\t\t\t\t<img loading=\"lazy\" loading=\"lazy\" decoding=\"async\" width=\"520\" height=\"520\" src=\"https:\/\/www.camperlogy-blog.com\/wp-content\/uploads\/2024\/11\/Rekvan_Sparkle-5.jpg\" class=\"attachment-large size-large wp-image-8018\" alt=\"\" title=\"\" srcset=\"https:\/\/www.camperlogy-blog.com\/wp-content\/uploads\/2024\/11\/Rekvan_Sparkle-5.jpg 520w, https:\/\/www.camperlogy-blog.com\/wp-content\/uploads\/2024\/11\/Rekvan_Sparkle-5-300x300.jpg 300w, https:\/\/www.camperlogy-blog.com\/wp-content\/uploads\/2024\/11\/Rekvan_Sparkle-5-150x150.jpg 150w\" sizes=\"auto, (max-width: 520px) 100vw, 520px\" \/>\t\t\t\t\t\t\t\t\t\t\t\t\t\t\t<\/div>\n\t\t\t\t<\/div>\n\t\t\t\t<\/div>\n\t\t<div class=\"elementor-element elementor-element-ab4db4b e-con-full e-flex e-con e-child\" data-id=\"ab4db4b\" data-element_type=\"container\" data-settings=\"{&quot;ekit_has_onepagescroll_dot&quot;:&quot;yes&quot;}\">\n\t\t\t\t<div class=\"elementor-element elementor-element-280802f elementor-widget elementor-widget-image\" data-id=\"280802f\" data-element_type=\"widget\" data-settings=\"{&quot;ekit_we_effect_on&quot;:&quot;none&quot;}\" data-widget_type=\"image.default\">\n\t\t\t\t<div class=\"elementor-widget-container\">\n\t\t\t\t\t\t\t\t\t\t\t\t\t\t\t<img loading=\"lazy\" loading=\"lazy\" decoding=\"async\" width=\"1024\" height=\"683\" src=\"https:\/\/www.camperlogy-blog.com\/wp-content\/uploads\/2024\/11\/Rekvan-Mimoza-1024x683.jpg\" class=\"attachment-large size-large wp-image-8021\" alt=\"\" title=\"\" srcset=\"https:\/\/www.camperlogy-blog.com\/wp-content\/uploads\/2024\/11\/Rekvan-Mimoza-1024x683.jpg 1024w, https:\/\/www.camperlogy-blog.com\/wp-content\/uploads\/2024\/11\/Rekvan-Mimoza-300x200.jpg 300w, https:\/\/www.camperlogy-blog.com\/wp-content\/uploads\/2024\/11\/Rekvan-Mimoza-768x512.jpg 768w, https:\/\/www.camperlogy-blog.com\/wp-content\/uploads\/2024\/11\/Rekvan-Mimoza-330x220.jpg 330w, https:\/\/www.camperlogy-blog.com\/wp-content\/uploads\/2024\/11\/Rekvan-Mimoza-420x280.jpg 420w, https:\/\/www.camperlogy-blog.com\/wp-content\/uploads\/2024\/11\/Rekvan-Mimoza-615x410.jpg 615w, https:\/\/www.camperlogy-blog.com\/wp-content\/uploads\/2024\/11\/Rekvan-Mimoza-860x573.jpg 860w, https:\/\/www.camperlogy-blog.com\/wp-content\/uploads\/2024\/11\/Rekvan-Mimoza.jpg 1500w\" sizes=\"auto, (max-width: 1024px) 100vw, 1024px\" \/>\t\t\t\t\t\t\t\t\t\t\t\t\t\t\t<\/div>\n\t\t\t\t<\/div>\n\t\t\t\t<\/div>\n\t\t\t\t\t<\/div>\n\t\t\t\t<\/div>\n\t\t<div class=\"elementor-element elementor-element-2470a2d e-flex e-con-boxed e-con e-parent\" data-id=\"2470a2d\" data-element_type=\"container\" data-settings=\"{&quot;ekit_has_onepagescroll_dot&quot;:&quot;yes&quot;}\">\n\t\t\t\t\t<div class=\"e-con-inner\">\n\t\t\t\t<div class=\"elementor-element elementor-element-c36f236 elementor-widget elementor-widget-text-editor\" data-id=\"c36f236\" data-element_type=\"widget\" data-settings=\"{&quot;ekit_we_effect_on&quot;:&quot;none&quot;}\" data-widget_type=\"text-editor.default\">\n\t\t\t\t<div class=\"elementor-widget-container\">\n\t\t\t\t\t\t\t\t\t<h4>Badezimmer und Wassersysteme<\/h4>\n<p>Die Toilette, eine der wichtigsten Ausstattungen eines Wohnwagens, hat mit dem Modell Spectra eine sehr n\u00fctzliche Struktur. Die <strong>tragbare Toilette mit einem Fassungsverm\u00f6gen von 20 Litern<\/strong> zeichnet sich durch ihre leichte Transportierbarkeit und ihren praktischen Nutzen aus. Dar\u00fcber hinaus sorgen der Gas-Wassererhitzer und das Hydrophor-System daf\u00fcr, dass das Wasser hei\u00df und unter Druck verwendet werden kann. <em>Der 100-Liter-Tank f\u00fcr sauberes Wasser<\/em> hat die Kapazit\u00e4t, um Ihren Wasserbedarf auf langen Reisen zu decken. Diese Funktionen sind darauf ausgelegt, Ihren Komfort w\u00e4hrend der Reise zu erh\u00f6hen und Ihren t\u00e4glichen Bedarf bequem zu decken.  <\/p>\n\t\t\t\t\t\t\t\t<\/div>\n\t\t\t\t<\/div>\n\t\t\t\t\t<\/div>\n\t\t\t\t<\/div>\n\t\t<div class=\"elementor-element elementor-element-db2d006 e-flex e-con-boxed e-con e-parent\" data-id=\"db2d006\" data-element_type=\"container\" data-settings=\"{&quot;ekit_has_onepagescroll_dot&quot;:&quot;yes&quot;}\">\n\t\t\t\t\t<div class=\"e-con-inner\">\n\t\t<div class=\"elementor-element elementor-element-76687d2 e-con-full e-flex e-con e-child\" data-id=\"76687d2\" data-element_type=\"container\" data-settings=\"{&quot;ekit_has_onepagescroll_dot&quot;:&quot;yes&quot;}\">\n\t\t\t\t<div class=\"elementor-element elementor-element-877af42 elementor-widget elementor-widget-image\" data-id=\"877af42\" data-element_type=\"widget\" data-settings=\"{&quot;ekit_we_effect_on&quot;:&quot;none&quot;}\" data-widget_type=\"image.default\">\n\t\t\t\t<div class=\"elementor-widget-container\">\n\t\t\t\t\t\t\t\t\t\t\t\t\t\t\t<img loading=\"lazy\" loading=\"lazy\" decoding=\"async\" width=\"520\" height=\"520\" src=\"https:\/\/www.camperlogy-blog.com\/wp-content\/uploads\/2024\/11\/Rekvan-Weranda-4.jpg\" class=\"attachment-large size-large wp-image-8051\" alt=\"\" title=\"\" srcset=\"https:\/\/www.camperlogy-blog.com\/wp-content\/uploads\/2024\/11\/Rekvan-Weranda-4.jpg 520w, https:\/\/www.camperlogy-blog.com\/wp-content\/uploads\/2024\/11\/Rekvan-Weranda-4-300x300.jpg 300w, https:\/\/www.camperlogy-blog.com\/wp-content\/uploads\/2024\/11\/Rekvan-Weranda-4-150x150.jpg 150w\" sizes=\"auto, (max-width: 520px) 100vw, 520px\" \/>\t\t\t\t\t\t\t\t\t\t\t\t\t\t\t<\/div>\n\t\t\t\t<\/div>\n\t\t\t\t<\/div>\n\t\t<div class=\"elementor-element elementor-element-b498b43 e-con-full e-flex e-con e-child\" data-id=\"b498b43\" data-element_type=\"container\" data-settings=\"{&quot;ekit_has_onepagescroll_dot&quot;:&quot;yes&quot;}\">\n\t\t\t\t<div class=\"elementor-element elementor-element-9eb5cdc elementor-widget elementor-widget-image\" data-id=\"9eb5cdc\" data-element_type=\"widget\" data-settings=\"{&quot;ekit_we_effect_on&quot;:&quot;none&quot;}\" data-widget_type=\"image.default\">\n\t\t\t\t<div class=\"elementor-widget-container\">\n\t\t\t\t\t\t\t\t\t\t\t\t\t\t\t<img loading=\"lazy\" loading=\"lazy\" decoding=\"async\" width=\"1024\" height=\"683\" src=\"https:\/\/www.camperlogy-blog.com\/wp-content\/uploads\/2024\/11\/Rekvan-Spectrum-1024x683.jpg\" class=\"attachment-large size-large wp-image-8039\" alt=\"\" title=\"\" srcset=\"https:\/\/www.camperlogy-blog.com\/wp-content\/uploads\/2024\/11\/Rekvan-Spectrum-1024x683.jpg 1024w, https:\/\/www.camperlogy-blog.com\/wp-content\/uploads\/2024\/11\/Rekvan-Spectrum-300x200.jpg 300w, https:\/\/www.camperlogy-blog.com\/wp-content\/uploads\/2024\/11\/Rekvan-Spectrum-768x512.jpg 768w, https:\/\/www.camperlogy-blog.com\/wp-content\/uploads\/2024\/11\/Rekvan-Spectrum-330x220.jpg 330w, https:\/\/www.camperlogy-blog.com\/wp-content\/uploads\/2024\/11\/Rekvan-Spectrum-420x280.jpg 420w, https:\/\/www.camperlogy-blog.com\/wp-content\/uploads\/2024\/11\/Rekvan-Spectrum-615x410.jpg 615w, https:\/\/www.camperlogy-blog.com\/wp-content\/uploads\/2024\/11\/Rekvan-Spectrum-860x573.jpg 860w, https:\/\/www.camperlogy-blog.com\/wp-content\/uploads\/2024\/11\/Rekvan-Spectrum.jpg 1500w\" sizes=\"auto, (max-width: 1024px) 100vw, 1024px\" \/>\t\t\t\t\t\t\t\t\t\t\t\t\t\t\t<\/div>\n\t\t\t\t<\/div>\n\t\t\t\t<\/div>\n\t\t\t\t\t<\/div>\n\t\t\t\t<\/div>\n\t\t<div class=\"elementor-element elementor-element-2cf028b e-flex e-con-boxed e-con e-parent\" data-id=\"2cf028b\" data-element_type=\"container\" data-settings=\"{&quot;ekit_has_onepagescroll_dot&quot;:&quot;yes&quot;}\">\n\t\t\t\t\t<div class=\"e-con-inner\">\n\t\t\t\t<div class=\"elementor-element elementor-element-42acc26 elementor-widget elementor-widget-text-editor\" data-id=\"42acc26\" data-element_type=\"widget\" data-settings=\"{&quot;ekit_we_effect_on&quot;:&quot;none&quot;}\" data-widget_type=\"text-editor.default\">\n\t\t\t\t<div class=\"elementor-widget-container\">\n\t\t\t\t\t\t\t\t\t<h4>Energieeffizienz und elektrische Systeme<\/h4>\n<p>Bei dem Modell Rekvan Caravan Spectra wird die Energieeffizienz nicht vergessen. <em>Durch die Installation von Solarzellen<\/em> kann der Wohnwagen Energie erzeugen, indem er die Natur nutzt. Dieses System bietet vor allem f\u00fcr diejenigen einen gro\u00dfen Vorteil, die sich lange in der Natur aufhalten werden. Au\u00dferdem sorgt der 220-Volt-Stromanschluss f\u00fcr kontinuierlichen Strom in Steckdosen und Beleuchtung. In Ihrem Wohnwagen mit Innen- und Au\u00dfenbeleuchtung k\u00f6nnen Sie sich immer in einer ger\u00e4umigen Umgebung aufhalten.   <\/p>\n\t\t\t\t\t\t\t\t<\/div>\n\t\t\t\t<\/div>\n\t\t\t\t\t<\/div>\n\t\t\t\t<\/div>\n\t\t<div class=\"elementor-element elementor-element-c0ac6a2 e-flex e-con-boxed e-con e-parent\" data-id=\"c0ac6a2\" data-element_type=\"container\" data-settings=\"{&quot;ekit_has_onepagescroll_dot&quot;:&quot;yes&quot;}\">\n\t\t\t\t\t<div class=\"e-con-inner\">\n\t\t<div class=\"elementor-element elementor-element-6dd5844 e-con-full e-flex e-con e-child\" data-id=\"6dd5844\" data-element_type=\"container\" data-settings=\"{&quot;ekit_has_onepagescroll_dot&quot;:&quot;yes&quot;}\">\n\t\t\t\t<div class=\"elementor-element elementor-element-0aede41 elementor-widget elementor-widget-image\" data-id=\"0aede41\" data-element_type=\"widget\" data-settings=\"{&quot;ekit_we_effect_on&quot;:&quot;none&quot;}\" data-widget_type=\"image.default\">\n\t\t\t\t<div class=\"elementor-widget-container\">\n\t\t\t\t\t\t\t\t\t\t\t\t\t\t\t<img loading=\"lazy\" loading=\"lazy\" decoding=\"async\" width=\"520\" height=\"520\" src=\"https:\/\/www.camperlogy-blog.com\/wp-content\/uploads\/2024\/11\/Rekvan-Spectra-4.jpg\" class=\"attachment-large size-large wp-image-8033\" alt=\"\" title=\"\" srcset=\"https:\/\/www.camperlogy-blog.com\/wp-content\/uploads\/2024\/11\/Rekvan-Spectra-4.jpg 520w, https:\/\/www.camperlogy-blog.com\/wp-content\/uploads\/2024\/11\/Rekvan-Spectra-4-300x300.jpg 300w, https:\/\/www.camperlogy-blog.com\/wp-content\/uploads\/2024\/11\/Rekvan-Spectra-4-150x150.jpg 150w\" sizes=\"auto, (max-width: 520px) 100vw, 520px\" \/>\t\t\t\t\t\t\t\t\t\t\t\t\t\t\t<\/div>\n\t\t\t\t<\/div>\n\t\t\t\t<\/div>\n\t\t<div class=\"elementor-element elementor-element-00044f5 e-con-full e-flex e-con e-child\" data-id=\"00044f5\" data-element_type=\"container\" data-settings=\"{&quot;ekit_has_onepagescroll_dot&quot;:&quot;yes&quot;}\">\n\t\t\t\t<div class=\"elementor-element elementor-element-ddc862c elementor-widget elementor-widget-image\" data-id=\"ddc862c\" data-element_type=\"widget\" data-settings=\"{&quot;ekit_we_effect_on&quot;:&quot;none&quot;}\" data-widget_type=\"image.default\">\n\t\t\t\t<div class=\"elementor-widget-container\">\n\t\t\t\t\t\t\t\t\t\t\t\t\t\t\t<img loading=\"lazy\" loading=\"lazy\" decoding=\"async\" width=\"520\" height=\"520\" src=\"https:\/\/www.camperlogy-blog.com\/wp-content\/uploads\/2024\/11\/Rekvan-Spectra-5.jpg\" class=\"attachment-large size-large wp-image-8036\" alt=\"\" title=\"\" srcset=\"https:\/\/www.camperlogy-blog.com\/wp-content\/uploads\/2024\/11\/Rekvan-Spectra-5.jpg 520w, https:\/\/www.camperlogy-blog.com\/wp-content\/uploads\/2024\/11\/Rekvan-Spectra-5-300x300.jpg 300w, https:\/\/www.camperlogy-blog.com\/wp-content\/uploads\/2024\/11\/Rekvan-Spectra-5-150x150.jpg 150w\" sizes=\"auto, (max-width: 520px) 100vw, 520px\" \/>\t\t\t\t\t\t\t\t\t\t\t\t\t\t\t<\/div>\n\t\t\t\t<\/div>\n\t\t\t\t<\/div>\n\t\t\t\t\t<\/div>\n\t\t\t\t<\/div>\n\t\t<div class=\"elementor-element elementor-element-f206da8 e-flex e-con-boxed e-con e-parent\" data-id=\"f206da8\" data-element_type=\"container\" data-settings=\"{&quot;ekit_has_onepagescroll_dot&quot;:&quot;yes&quot;}\">\n\t\t\t\t\t<div class=\"e-con-inner\">\n\t\t\t\t<div class=\"elementor-element elementor-element-e946652 elementor-widget elementor-widget-text-editor\" data-id=\"e946652\" data-element_type=\"widget\" data-settings=\"{&quot;ekit_we_effect_on&quot;:&quot;none&quot;}\" data-widget_type=\"text-editor.default\">\n\t\t\t\t<div class=\"elementor-widget-container\">\n\t\t\t\t\t\t\t\t\t<h4>Extra Staur\u00e4ume<\/h4>\n<p>Der Spectra, der f\u00fcr lange Reisen konzipiert wurde, bietet seinem Benutzer mit seinen gro\u00dfen Staur\u00e4umen gro\u00dfen Komfort. Bereiche wie die <strong>Fiber-Fronttasche<\/strong> und das <strong>verschlie\u00dfbare Seitengep\u00e4ck<\/strong> bieten ein gro\u00dfes Volumen, in dem Sie Ihre Habseligkeiten sicher verstauen k\u00f6nnen. Von der Campingausr\u00fcstung bis hin zu pers\u00f6nlichen Gegenst\u00e4nden k\u00f6nnen Sie alle Ihre Habseligkeiten geordnet unterbringen. Diese Merkmale machen den Innenraum des Wohnwagens ger\u00e4umiger und organisierter und sorgen f\u00fcr eine komfortable Reise.  <\/p>\n\t\t\t\t\t\t\t\t<\/div>\n\t\t\t\t<\/div>\n\t\t\t\t\t<\/div>\n\t\t\t\t<\/div>\n\t\t<div class=\"elementor-element elementor-element-cf9a223 e-flex e-con-boxed e-con e-parent\" data-id=\"cf9a223\" data-element_type=\"container\" data-settings=\"{&quot;ekit_has_onepagescroll_dot&quot;:&quot;yes&quot;}\">\n\t\t\t\t\t<div class=\"e-con-inner\">\n\t\t<div class=\"elementor-element elementor-element-62dfa88 e-con-full e-flex e-con e-child\" data-id=\"62dfa88\" data-element_type=\"container\" data-settings=\"{&quot;ekit_has_onepagescroll_dot&quot;:&quot;yes&quot;}\">\n\t\t\t\t<div class=\"elementor-element elementor-element-c7338d7 elementor-widget elementor-widget-image\" data-id=\"c7338d7\" data-element_type=\"widget\" data-settings=\"{&quot;ekit_we_effect_on&quot;:&quot;none&quot;}\" data-widget_type=\"image.default\">\n\t\t\t\t<div class=\"elementor-widget-container\">\n\t\t\t\t\t\t\t\t\t\t\t\t\t\t\t<img loading=\"lazy\" loading=\"lazy\" decoding=\"async\" width=\"520\" height=\"520\" src=\"https:\/\/www.camperlogy-blog.com\/wp-content\/uploads\/2024\/11\/Rekvan_Sparkle-4.jpg\" class=\"attachment-large size-large wp-image-8015\" alt=\"\" title=\"\" srcset=\"https:\/\/www.camperlogy-blog.com\/wp-content\/uploads\/2024\/11\/Rekvan_Sparkle-4.jpg 520w, https:\/\/www.camperlogy-blog.com\/wp-content\/uploads\/2024\/11\/Rekvan_Sparkle-4-300x300.jpg 300w, https:\/\/www.camperlogy-blog.com\/wp-content\/uploads\/2024\/11\/Rekvan_Sparkle-4-150x150.jpg 150w\" sizes=\"auto, (max-width: 520px) 100vw, 520px\" \/>\t\t\t\t\t\t\t\t\t\t\t\t\t\t\t<\/div>\n\t\t\t\t<\/div>\n\t\t\t\t<\/div>\n\t\t<div class=\"elementor-element elementor-element-f8101ea e-con-full e-flex e-con e-child\" data-id=\"f8101ea\" data-element_type=\"container\" data-settings=\"{&quot;ekit_has_onepagescroll_dot&quot;:&quot;yes&quot;}\">\n\t\t\t\t<div class=\"elementor-element elementor-element-ec41918 elementor-widget elementor-widget-image\" data-id=\"ec41918\" data-element_type=\"widget\" data-settings=\"{&quot;ekit_we_effect_on&quot;:&quot;none&quot;}\" data-widget_type=\"image.default\">\n\t\t\t\t<div class=\"elementor-widget-container\">\n\t\t\t\t\t\t\t\t\t\t\t\t\t\t\t<img loading=\"lazy\" loading=\"lazy\" decoding=\"async\" width=\"520\" height=\"520\" src=\"https:\/\/www.camperlogy-blog.com\/wp-content\/uploads\/2024\/11\/Rekvan_Sparkle-3.jpg\" class=\"attachment-large size-large wp-image-8012\" alt=\"\" title=\"\" srcset=\"https:\/\/www.camperlogy-blog.com\/wp-content\/uploads\/2024\/11\/Rekvan_Sparkle-3.jpg 520w, https:\/\/www.camperlogy-blog.com\/wp-content\/uploads\/2024\/11\/Rekvan_Sparkle-3-300x300.jpg 300w, https:\/\/www.camperlogy-blog.com\/wp-content\/uploads\/2024\/11\/Rekvan_Sparkle-3-150x150.jpg 150w\" sizes=\"auto, (max-width: 520px) 100vw, 520px\" \/>\t\t\t\t\t\t\t\t\t\t\t\t\t\t\t<\/div>\n\t\t\t\t<\/div>\n\t\t\t\t<\/div>\n\t\t\t\t\t<\/div>\n\t\t\t\t<\/div>\n\t\t<div class=\"elementor-element elementor-element-03cb9ca e-flex e-con-boxed e-con e-parent\" data-id=\"03cb9ca\" data-element_type=\"container\" data-settings=\"{&quot;ekit_has_onepagescroll_dot&quot;:&quot;yes&quot;}\">\n\t\t\t\t\t<div class=\"e-con-inner\">\n\t\t\t\t<div class=\"elementor-element elementor-element-8dbfb2d elementor-widget elementor-widget-text-editor\" data-id=\"8dbfb2d\" data-element_type=\"widget\" data-settings=\"{&quot;ekit_we_effect_on&quot;:&quot;none&quot;}\" data-widget_type=\"text-editor.default\">\n\t\t\t\t<div class=\"elementor-widget-container\">\n\t\t\t\t\t\t\t\t\t<h4>Umweltvertr\u00e4gliche Materialien und Design<\/h4>\n<p>Bei der Herstellung von Rekvan Caravan werden umweltfreundliche Materialien verwendet, die ein umweltfreundliches Reiseerlebnis erm\u00f6glichen. Die bei der Konstruktion des Wohnwagens verwendeten Materialien zeichnen sich durch ihre umweltfreundlichen und langlebigen Strukturen aus. Materialien wie die Karosserie aus Aluminium-Verbundwerkstoff und die Fender aus Glasfaser sorgen f\u00fcr ein umweltfreundliches und nachhaltiges Design, das sowohl leicht als auch langlebig ist.  <\/p>\n\t\t\t\t\t\t\t\t<\/div>\n\t\t\t\t<\/div>\n\t\t\t\t\t<\/div>\n\t\t\t\t<\/div>\n\t\t<div class=\"elementor-element elementor-element-7598f83 e-flex e-con-boxed e-con e-parent\" data-id=\"7598f83\" data-element_type=\"container\" data-settings=\"{&quot;ekit_has_onepagescroll_dot&quot;:&quot;yes&quot;}\">\n\t\t\t\t\t<div class=\"e-con-inner\">\n\t\t<div class=\"elementor-element elementor-element-9b36f2c e-con-full e-flex e-con e-child\" data-id=\"9b36f2c\" data-element_type=\"container\" data-settings=\"{&quot;ekit_has_onepagescroll_dot&quot;:&quot;yes&quot;}\">\n\t\t\t\t<div class=\"elementor-element elementor-element-259d02e elementor-widget elementor-widget-image\" data-id=\"259d02e\" data-element_type=\"widget\" data-settings=\"{&quot;ekit_we_effect_on&quot;:&quot;none&quot;}\" data-widget_type=\"image.default\">\n\t\t\t\t<div class=\"elementor-widget-container\">\n\t\t\t\t\t\t\t\t\t\t\t\t\t\t\t<img loading=\"lazy\" loading=\"lazy\" decoding=\"async\" width=\"520\" height=\"520\" src=\"https:\/\/www.camperlogy-blog.com\/wp-content\/uploads\/2024\/11\/Rekvan-Weranda-4.jpg\" class=\"attachment-large size-large wp-image-8051\" alt=\"\" title=\"\" srcset=\"https:\/\/www.camperlogy-blog.com\/wp-content\/uploads\/2024\/11\/Rekvan-Weranda-4.jpg 520w, https:\/\/www.camperlogy-blog.com\/wp-content\/uploads\/2024\/11\/Rekvan-Weranda-4-300x300.jpg 300w, https:\/\/www.camperlogy-blog.com\/wp-content\/uploads\/2024\/11\/Rekvan-Weranda-4-150x150.jpg 150w\" sizes=\"auto, (max-width: 520px) 100vw, 520px\" \/>\t\t\t\t\t\t\t\t\t\t\t\t\t\t\t<\/div>\n\t\t\t\t<\/div>\n\t\t\t\t<\/div>\n\t\t<div class=\"elementor-element elementor-element-6de0b30 e-con-full e-flex e-con e-child\" data-id=\"6de0b30\" data-element_type=\"container\" data-settings=\"{&quot;ekit_has_onepagescroll_dot&quot;:&quot;yes&quot;}\">\n\t\t\t\t<div class=\"elementor-element elementor-element-14f7e5d elementor-widget elementor-widget-image\" data-id=\"14f7e5d\" data-element_type=\"widget\" data-settings=\"{&quot;ekit_we_effect_on&quot;:&quot;none&quot;}\" data-widget_type=\"image.default\">\n\t\t\t\t<div class=\"elementor-widget-container\">\n\t\t\t\t\t\t\t\t\t\t\t\t\t\t\t<img loading=\"lazy\" loading=\"lazy\" decoding=\"async\" width=\"520\" height=\"520\" src=\"https:\/\/www.camperlogy-blog.com\/wp-content\/uploads\/2024\/11\/Rekvan-Weranda-5.jpg\" class=\"attachment-large size-large wp-image-8054\" alt=\"\" title=\"\" srcset=\"https:\/\/www.camperlogy-blog.com\/wp-content\/uploads\/2024\/11\/Rekvan-Weranda-5.jpg 520w, https:\/\/www.camperlogy-blog.com\/wp-content\/uploads\/2024\/11\/Rekvan-Weranda-5-300x300.jpg 300w, https:\/\/www.camperlogy-blog.com\/wp-content\/uploads\/2024\/11\/Rekvan-Weranda-5-150x150.jpg 150w\" sizes=\"auto, (max-width: 520px) 100vw, 520px\" \/>\t\t\t\t\t\t\t\t\t\t\t\t\t\t\t<\/div>\n\t\t\t\t<\/div>\n\t\t\t\t<\/div>\n\t\t\t\t\t<\/div>\n\t\t\t\t<\/div>\n\t\t<div class=\"elementor-element elementor-element-6c3194f e-flex e-con-boxed e-con e-parent\" data-id=\"6c3194f\" data-element_type=\"container\" data-settings=\"{&quot;ekit_has_onepagescroll_dot&quot;:&quot;yes&quot;}\">\n\t\t\t\t\t<div class=\"e-con-inner\">\n\t\t<div class=\"elementor-element elementor-element-ae01ec9 e-con-full e-flex e-con e-child\" data-id=\"ae01ec9\" data-element_type=\"container\" data-settings=\"{&quot;ekit_has_onepagescroll_dot&quot;:&quot;yes&quot;}\">\n\t\t\t\t<div class=\"elementor-element elementor-element-402192f elementor-widget elementor-widget-text-editor\" data-id=\"402192f\" data-element_type=\"widget\" data-settings=\"{&quot;ekit_we_effect_on&quot;:&quot;none&quot;}\" data-widget_type=\"text-editor.default\">\n\t\t\t\t<div class=\"elementor-widget-container\">\n\t\t\t\t\t\t\t\t\t<h3>Entdecken Sie die Freiheit mit Rekvan Caravan Spectra<\/h3>\n<p>Das Modell Spectra von Rekvan Karavan bietet mit seinem kompakten Aufbau und seiner umfangreichen Ausstattung ein freies Reiseerlebnis. Als Camperlogy-Familie haben wir dieses Modell genau unter die Lupe genommen und stellen es Ihnen mit all seinen Merkmalen vor. Der Spectra, der mit seinem komfortablen, sicheren und umweltfreundlichen Aufbau Ihre Reisen noch angenehmer macht, ist die ideale Wahl f\u00fcr alle, die die Natur lieben und erkunden m\u00f6chten.  <\/p>\n<p>Als Camperlogy sehen wir, dass Rekvan Karavan mit diesem einzigartigen Modell eine ideale L\u00f6sung sowohl f\u00fcr lange Reisen als auch f\u00fcr kurze Wochenendausfl\u00fcge bietet. F\u00fcr alle, die in das Wohnwagenleben einsteigen m\u00f6chten, empfehlen wir das Modell Spectra, das sich durch Komfort, Sicherheit und umweltfreundliche Eigenschaften auszeichnet. Fahren Sie mit Rekvan Caravan los, begegnen Sie der Natur und genie\u00dfen Sie jeden Augenblick!  <\/p>\n\t\t\t\t\t\t\t\t<\/div>\n\t\t\t\t<\/div>\n\t\t\t\t<\/div>\n\t\t\t\t\t<\/div>\n\t\t\t\t<\/div>\n\t\t<div class=\"elementor-element elementor-element-7a693fc e-flex e-con-boxed e-con e-parent\" data-id=\"7a693fc\" data-element_type=\"container\" data-settings=\"{&quot;ekit_has_onepagescroll_dot&quot;:&quot;yes&quot;}\">\n\t\t\t\t\t<div class=\"e-con-inner\">\n\t\t\t\t<div class=\"elementor-element elementor-element-8017988 elementor-arrows-position-outside elementor-widget elementor-widget-image-carousel\" data-id=\"8017988\" data-element_type=\"widget\" data-settings=\"{&quot;slides_to_show&quot;:&quot;3&quot;,&quot;slides_to_scroll&quot;:&quot;3&quot;,&quot;image_spacing_custom&quot;:{&quot;unit&quot;:&quot;px&quot;,&quot;size&quot;:10,&quot;sizes&quot;:[]},&quot;navigation&quot;:&quot;arrows&quot;,&quot;autoplay&quot;:&quot;yes&quot;,&quot;pause_on_hover&quot;:&quot;yes&quot;,&quot;pause_on_interaction&quot;:&quot;yes&quot;,&quot;autoplay_speed&quot;:5000,&quot;infinite&quot;:&quot;yes&quot;,&quot;speed&quot;:500,&quot;image_spacing_custom_tablet&quot;:{&quot;unit&quot;:&quot;px&quot;,&quot;size&quot;:&quot;&quot;,&quot;sizes&quot;:[]},&quot;image_spacing_custom_mobile&quot;:{&quot;unit&quot;:&quot;px&quot;,&quot;size&quot;:&quot;&quot;,&quot;sizes&quot;:[]},&quot;ekit_we_effect_on&quot;:&quot;none&quot;}\" data-widget_type=\"image-carousel.default\">\n\t\t\t\t<div class=\"elementor-widget-container\">\n\t\t\t\t\t\t\t<div class=\"elementor-image-carousel-wrapper swiper\" role=\"region\" aria-roledescription=\"carousel\" aria-label=\"Bild Karussell\" dir=\"ltr\">\n\t\t\t<div class=\"elementor-image-carousel swiper-wrapper\" aria-live=\"off\">\n\t\t\t\t\t\t\t\t<div class=\"swiper-slide\" role=\"group\" aria-roledescription=\"slide\" aria-label=\"1 von 12\"><a data-elementor-open-lightbox=\"yes\" data-elementor-lightbox-slideshow=\"8017988\" data-elementor-lightbox-title=\"Rekvan_Sparkle-2\" data-e-action-hash=\"#elementor-action%3Aaction%3Dlightbox%26settings%3DeyJpZCI6ODAwOSwidXJsIjoiaHR0cHM6XC9cL3d3dy5jYW1wZXJsb2d5LWJsb2cuY29tXC93cC1jb250ZW50XC91cGxvYWRzXC8yMDI0XC8xMVwvUmVrdmFuX1NwYXJrbGUtMi5qcGciLCJzbGlkZXNob3ciOiI4MDE3OTg4In0%3D\" href=\"https:\/\/www.camperlogy-blog.com\/wp-content\/uploads\/2024\/11\/Rekvan_Sparkle-2.jpg\"><figure class=\"swiper-slide-inner\"><img decoding=\"async\" class=\"swiper-slide-image\" src=\"https:\/\/www.camperlogy-blog.com\/wp-content\/uploads\/2024\/11\/Rekvan_Sparkle-2-300x300.jpg\" alt=\"Rekvan_Sparkle-2\" title=\"\"><\/figure><\/a><\/div><div class=\"swiper-slide\" role=\"group\" aria-roledescription=\"slide\" aria-label=\"2 von 12\"><a data-elementor-open-lightbox=\"yes\" data-elementor-lightbox-slideshow=\"8017988\" data-elementor-lightbox-title=\"Rekvan-Weranda-5\" data-e-action-hash=\"#elementor-action%3Aaction%3Dlightbox%26settings%3DeyJpZCI6ODA1NCwidXJsIjoiaHR0cHM6XC9cL3d3dy5jYW1wZXJsb2d5LWJsb2cuY29tXC93cC1jb250ZW50XC91cGxvYWRzXC8yMDI0XC8xMVwvUmVrdmFuLVdlcmFuZGEtNS5qcGciLCJzbGlkZXNob3ciOiI4MDE3OTg4In0%3D\" href=\"https:\/\/www.camperlogy-blog.com\/wp-content\/uploads\/2024\/11\/Rekvan-Weranda-5.jpg\"><figure class=\"swiper-slide-inner\"><img decoding=\"async\" class=\"swiper-slide-image\" src=\"https:\/\/www.camperlogy-blog.com\/wp-content\/uploads\/2024\/11\/Rekvan-Weranda-5-300x300.jpg\" alt=\"Rekvan-Weranda-5\" title=\"\"><\/figure><\/a><\/div><div class=\"swiper-slide\" role=\"group\" aria-roledescription=\"slide\" aria-label=\"3 von 12\"><a data-elementor-open-lightbox=\"yes\" data-elementor-lightbox-slideshow=\"8017988\" data-elementor-lightbox-title=\"Rekvan-Weranda-4\" data-e-action-hash=\"#elementor-action%3Aaction%3Dlightbox%26settings%3DeyJpZCI6ODA1MSwidXJsIjoiaHR0cHM6XC9cL3d3dy5jYW1wZXJsb2d5LWJsb2cuY29tXC93cC1jb250ZW50XC91cGxvYWRzXC8yMDI0XC8xMVwvUmVrdmFuLVdlcmFuZGEtNC5qcGciLCJzbGlkZXNob3ciOiI4MDE3OTg4In0%3D\" href=\"https:\/\/www.camperlogy-blog.com\/wp-content\/uploads\/2024\/11\/Rekvan-Weranda-4.jpg\"><figure class=\"swiper-slide-inner\"><img decoding=\"async\" class=\"swiper-slide-image\" src=\"https:\/\/www.camperlogy-blog.com\/wp-content\/uploads\/2024\/11\/Rekvan-Weranda-4-300x300.jpg\" alt=\"Rekvan-Weranda-4\" title=\"\"><\/figure><\/a><\/div><div class=\"swiper-slide\" role=\"group\" aria-roledescription=\"slide\" aria-label=\"4 von 12\"><a data-elementor-open-lightbox=\"yes\" data-elementor-lightbox-slideshow=\"8017988\" data-elementor-lightbox-title=\"Rekvan-Weranda-3\" data-e-action-hash=\"#elementor-action%3Aaction%3Dlightbox%26settings%3DeyJpZCI6ODA0OCwidXJsIjoiaHR0cHM6XC9cL3d3dy5jYW1wZXJsb2d5LWJsb2cuY29tXC93cC1jb250ZW50XC91cGxvYWRzXC8yMDI0XC8xMVwvUmVrdmFuLVdlcmFuZGEtMy5qcGciLCJzbGlkZXNob3ciOiI4MDE3OTg4In0%3D\" href=\"https:\/\/www.camperlogy-blog.com\/wp-content\/uploads\/2024\/11\/Rekvan-Weranda-3.jpg\"><figure class=\"swiper-slide-inner\"><img decoding=\"async\" class=\"swiper-slide-image\" src=\"https:\/\/www.camperlogy-blog.com\/wp-content\/uploads\/2024\/11\/Rekvan-Weranda-3-300x300.jpg\" alt=\"Rekvan-Weranda-3\" title=\"\"><\/figure><\/a><\/div><div class=\"swiper-slide\" role=\"group\" aria-roledescription=\"slide\" aria-label=\"5 von 12\"><a data-elementor-open-lightbox=\"yes\" data-elementor-lightbox-slideshow=\"8017988\" data-elementor-lightbox-title=\"Rekvan-Weranda-2\" data-e-action-hash=\"#elementor-action%3Aaction%3Dlightbox%26settings%3DeyJpZCI6ODA0NSwidXJsIjoiaHR0cHM6XC9cL3d3dy5jYW1wZXJsb2d5LWJsb2cuY29tXC93cC1jb250ZW50XC91cGxvYWRzXC8yMDI0XC8xMVwvUmVrdmFuLVdlcmFuZGEtMi5qcGciLCJzbGlkZXNob3ciOiI4MDE3OTg4In0%3D\" href=\"https:\/\/www.camperlogy-blog.com\/wp-content\/uploads\/2024\/11\/Rekvan-Weranda-2.jpg\"><figure class=\"swiper-slide-inner\"><img decoding=\"async\" class=\"swiper-slide-image\" src=\"https:\/\/www.camperlogy-blog.com\/wp-content\/uploads\/2024\/11\/Rekvan-Weranda-2-300x300.jpg\" alt=\"Rekvan-Weranda-2\" title=\"\"><\/figure><\/a><\/div><div class=\"swiper-slide\" role=\"group\" aria-roledescription=\"slide\" aria-label=\"6 von 12\"><a data-elementor-open-lightbox=\"yes\" data-elementor-lightbox-slideshow=\"8017988\" data-elementor-lightbox-title=\"Rekvan-Spektroskopie-5\" data-e-action-hash=\"#elementor-action%3Aaction%3Dlightbox%26settings%3DeyJpZCI6ODAzNiwidXJsIjoiaHR0cHM6XC9cL3d3dy5jYW1wZXJsb2d5LWJsb2cuY29tXC93cC1jb250ZW50XC91cGxvYWRzXC8yMDI0XC8xMVwvUmVrdmFuLVNwZWN0cmEtNS5qcGciLCJzbGlkZXNob3ciOiI4MDE3OTg4In0%3D\" href=\"https:\/\/www.camperlogy-blog.com\/wp-content\/uploads\/2024\/11\/Rekvan-Spectra-5.jpg\"><figure class=\"swiper-slide-inner\"><img decoding=\"async\" class=\"swiper-slide-image\" src=\"https:\/\/www.camperlogy-blog.com\/wp-content\/uploads\/2024\/11\/Rekvan-Spectra-5-300x300.jpg\" alt=\"Rekvan-Spektroskopie-5\" title=\"\"><\/figure><\/a><\/div><div class=\"swiper-slide\" role=\"group\" aria-roledescription=\"slide\" aria-label=\"7 von 12\"><a data-elementor-open-lightbox=\"yes\" data-elementor-lightbox-slideshow=\"8017988\" data-elementor-lightbox-title=\"Rekvan-Spektroskopie-4\" data-e-action-hash=\"#elementor-action%3Aaction%3Dlightbox%26settings%3DeyJpZCI6ODAzMywidXJsIjoiaHR0cHM6XC9cL3d3dy5jYW1wZXJsb2d5LWJsb2cuY29tXC93cC1jb250ZW50XC91cGxvYWRzXC8yMDI0XC8xMVwvUmVrdmFuLVNwZWN0cmEtNC5qcGciLCJzbGlkZXNob3ciOiI4MDE3OTg4In0%3D\" href=\"https:\/\/www.camperlogy-blog.com\/wp-content\/uploads\/2024\/11\/Rekvan-Spectra-4.jpg\"><figure class=\"swiper-slide-inner\"><img decoding=\"async\" class=\"swiper-slide-image\" src=\"https:\/\/www.camperlogy-blog.com\/wp-content\/uploads\/2024\/11\/Rekvan-Spectra-4-300x300.jpg\" alt=\"Rekvan-Spektroskopie-4\" title=\"\"><\/figure><\/a><\/div><div class=\"swiper-slide\" role=\"group\" aria-roledescription=\"slide\" aria-label=\"8 von 12\"><a data-elementor-open-lightbox=\"yes\" data-elementor-lightbox-slideshow=\"8017988\" data-elementor-lightbox-title=\"Rekvan-Spektroskopie-3\" data-e-action-hash=\"#elementor-action%3Aaction%3Dlightbox%26settings%3DeyJpZCI6ODAzMCwidXJsIjoiaHR0cHM6XC9cL3d3dy5jYW1wZXJsb2d5LWJsb2cuY29tXC93cC1jb250ZW50XC91cGxvYWRzXC8yMDI0XC8xMVwvUmVrdmFuLVNwZWN0cmEtMy5qcGciLCJzbGlkZXNob3ciOiI4MDE3OTg4In0%3D\" href=\"https:\/\/www.camperlogy-blog.com\/wp-content\/uploads\/2024\/11\/Rekvan-Spectra-3.jpg\"><figure class=\"swiper-slide-inner\"><img decoding=\"async\" class=\"swiper-slide-image\" src=\"https:\/\/www.camperlogy-blog.com\/wp-content\/uploads\/2024\/11\/Rekvan-Spectra-3-300x300.jpg\" alt=\"Rekvan-Spektroskopie-3\" title=\"\"><\/figure><\/a><\/div><div class=\"swiper-slide\" role=\"group\" aria-roledescription=\"slide\" aria-label=\"9 von 12\"><a data-elementor-open-lightbox=\"yes\" data-elementor-lightbox-slideshow=\"8017988\" data-elementor-lightbox-title=\"Rekvan-Spektroskopie-2\" data-e-action-hash=\"#elementor-action%3Aaction%3Dlightbox%26settings%3DeyJpZCI6ODAyNywidXJsIjoiaHR0cHM6XC9cL3d3dy5jYW1wZXJsb2d5LWJsb2cuY29tXC93cC1jb250ZW50XC91cGxvYWRzXC8yMDI0XC8xMVwvUmVrdmFuLVNwZWN0cmEtMi5qcGciLCJzbGlkZXNob3ciOiI4MDE3OTg4In0%3D\" href=\"https:\/\/www.camperlogy-blog.com\/wp-content\/uploads\/2024\/11\/Rekvan-Spectra-2.jpg\"><figure class=\"swiper-slide-inner\"><img decoding=\"async\" class=\"swiper-slide-image\" src=\"https:\/\/www.camperlogy-blog.com\/wp-content\/uploads\/2024\/11\/Rekvan-Spectra-2-300x300.jpg\" alt=\"Rekvan-Spektroskopie-2\" title=\"\"><\/figure><\/a><\/div><div class=\"swiper-slide\" role=\"group\" aria-roledescription=\"slide\" aria-label=\"10 von 12\"><a data-elementor-open-lightbox=\"yes\" data-elementor-lightbox-slideshow=\"8017988\" data-elementor-lightbox-title=\"Rekvan_Sparkle-5\" data-e-action-hash=\"#elementor-action%3Aaction%3Dlightbox%26settings%3DeyJpZCI6ODAxOCwidXJsIjoiaHR0cHM6XC9cL3d3dy5jYW1wZXJsb2d5LWJsb2cuY29tXC93cC1jb250ZW50XC91cGxvYWRzXC8yMDI0XC8xMVwvUmVrdmFuX1NwYXJrbGUtNS5qcGciLCJzbGlkZXNob3ciOiI4MDE3OTg4In0%3D\" href=\"https:\/\/www.camperlogy-blog.com\/wp-content\/uploads\/2024\/11\/Rekvan_Sparkle-5.jpg\"><figure class=\"swiper-slide-inner\"><img decoding=\"async\" class=\"swiper-slide-image\" src=\"https:\/\/www.camperlogy-blog.com\/wp-content\/uploads\/2024\/11\/Rekvan_Sparkle-5-300x300.jpg\" alt=\"Rekvan_Sparkle-5\" title=\"\"><\/figure><\/a><\/div><div class=\"swiper-slide\" role=\"group\" aria-roledescription=\"slide\" aria-label=\"11 von 12\"><a data-elementor-open-lightbox=\"yes\" data-elementor-lightbox-slideshow=\"8017988\" data-elementor-lightbox-title=\"Rekvan_Sparkle-4\" data-e-action-hash=\"#elementor-action%3Aaction%3Dlightbox%26settings%3DeyJpZCI6ODAxNSwidXJsIjoiaHR0cHM6XC9cL3d3dy5jYW1wZXJsb2d5LWJsb2cuY29tXC93cC1jb250ZW50XC91cGxvYWRzXC8yMDI0XC8xMVwvUmVrdmFuX1NwYXJrbGUtNC5qcGciLCJzbGlkZXNob3ciOiI4MDE3OTg4In0%3D\" href=\"https:\/\/www.camperlogy-blog.com\/wp-content\/uploads\/2024\/11\/Rekvan_Sparkle-4.jpg\"><figure class=\"swiper-slide-inner\"><img decoding=\"async\" class=\"swiper-slide-image\" src=\"https:\/\/www.camperlogy-blog.com\/wp-content\/uploads\/2024\/11\/Rekvan_Sparkle-4-300x300.jpg\" alt=\"Rekvan_Sparkle-4\" title=\"\"><\/figure><\/a><\/div><div class=\"swiper-slide\" role=\"group\" aria-roledescription=\"slide\" aria-label=\"12 von 12\"><a data-elementor-open-lightbox=\"yes\" data-elementor-lightbox-slideshow=\"8017988\" data-elementor-lightbox-title=\"Rekvan_Sparkle-3\" data-e-action-hash=\"#elementor-action%3Aaction%3Dlightbox%26settings%3DeyJpZCI6ODAxMiwidXJsIjoiaHR0cHM6XC9cL3d3dy5jYW1wZXJsb2d5LWJsb2cuY29tXC93cC1jb250ZW50XC91cGxvYWRzXC8yMDI0XC8xMVwvUmVrdmFuX1NwYXJrbGUtMy5qcGciLCJzbGlkZXNob3ciOiI4MDE3OTg4In0%3D\" href=\"https:\/\/www.camperlogy-blog.com\/wp-content\/uploads\/2024\/11\/Rekvan_Sparkle-3.jpg\"><figure class=\"swiper-slide-inner\"><img decoding=\"async\" class=\"swiper-slide-image\" src=\"https:\/\/www.camperlogy-blog.com\/wp-content\/uploads\/2024\/11\/Rekvan_Sparkle-3-300x300.jpg\" alt=\"Rekvan_Sparkle-3\" title=\"\"><\/figure><\/a><\/div>\t\t\t<\/div>\n\t\t\t\t\t\t\t\t\t\t\t\t<div class=\"elementor-swiper-button elementor-swiper-button-prev\" role=\"button\" tabindex=\"0\">\n\t\t\t\t\t\t<svg aria-hidden=\"true\" class=\"e-font-icon-svg e-eicon-chevron-left\" viewBox=\"0 0 1000 1000\" xmlns=\"http:\/\/www.w3.org\/2000\/svg\"><path d=\"M646 125C629 125 613 133 604 142L308 442C296 454 292 471 292 487 292 504 296 521 308 533L604 854C617 867 629 875 646 875 663 875 679 871 692 858 704 846 713 829 713 812 713 796 708 779 692 767L438 487 692 225C700 217 708 204 708 187 708 171 704 154 692 142 675 129 663 125 646 125Z\"><\/path><\/svg>\t\t\t\t\t<\/div>\n\t\t\t\t\t<div class=\"elementor-swiper-button elementor-swiper-button-next\" role=\"button\" tabindex=\"0\">\n\t\t\t\t\t\t<svg aria-hidden=\"true\" class=\"e-font-icon-svg e-eicon-chevron-right\" viewBox=\"0 0 1000 1000\" xmlns=\"http:\/\/www.w3.org\/2000\/svg\"><path d=\"M696 533C708 521 713 504 713 487 713 471 708 454 696 446L400 146C388 133 375 125 354 125 338 125 325 129 313 142 300 154 292 171 292 187 292 204 296 221 308 233L563 492 304 771C292 783 288 800 288 817 288 833 296 850 308 863 321 871 338 875 354 875 371 875 388 867 400 854L696 533Z\"><\/path><\/svg>\t\t\t\t\t<\/div>\n\t\t\t\t\n\t\t\t\t\t\t\t\t\t<\/div>\n\t\t\t\t\t\t<\/div>\n\t\t\t\t<\/div>\n\t\t\t\t\t<\/div>\n\t\t\t\t<\/div>\n\t\t<div class=\"elementor-element elementor-element-612de7e e-flex e-con-boxed e-con e-parent\" data-id=\"612de7e\" data-element_type=\"container\" data-settings=\"{&quot;ekit_has_onepagescroll_dot&quot;:&quot;yes&quot;}\">\n\t\t\t\t\t<div class=\"e-con-inner\">\n\t\t\t\t<div class=\"elementor-element elementor-element-1e5afaa elementor-widget elementor-widget-text-editor\" data-id=\"1e5afaa\" data-element_type=\"widget\" data-settings=\"{&quot;ekit_we_effect_on&quot;:&quot;none&quot;}\" data-widget_type=\"text-editor.default\">\n\t\t\t\t<div class=\"elementor-widget-container\">\n\t\t\t\t\t\t\t\t\t<hr>\n<p><strong><br \/><\/strong><br \/>Z<strong>itat:<\/strong> Die Bilder und Videos in diesem Inhalt werden mit Genehmigung der Firma<strong>Rekvan Karavan<\/strong> verwendet. F\u00fcr weitere Modelle und detaillierte Informationen <a href=\"https:\/\/www.camperlogy.com.tr\" target=\"_blank\" rel=\"noopener\"><span style=\"color: #27b527;\"><strong>Camperlogy Camping und Wohnwagen Plattform<\/strong><\/span><\/a> k\u00f6nnen Sie besuchen oder <a href=\"https:\/\/www.rekvan.com\/urundetay\/spectra\/6766\" target=\"_blank\" rel=\"noopener\"><span style=\"color: #000000;\">Rekvan Spectra Zugfahrzeug Wohnwagen<\/span><\/a> Sie k\u00f6nnen die Webseite durchsuchen. <\/p>\n\t\t\t\t\t\t\t\t<\/div>\n\t\t\t\t<\/div>\n\t\t\t\t\t<\/div>\n\t\t\t\t<\/div>\n\t\t\t\t<\/div>\n\t\t","protected":false},"excerpt":{"rendered":"<p>Rekvan Spectra Zugfahrzeug Wohnwagen: Genaue Inspektion durch uns Rekvan Caravan bietet eine gro\u00dfartige Gelegenheit f\u00fcr alle, die mit der Natur in Ber\u00fchrung kommen wollen, und bringt mit seinen gezogenen Wohnwagenmodellen das Reiseerlebnis auf das h\u00f6chste Niveau. Vor allem das Modell Spectra zeichnet sich durch seine kompakte Struktur und seine hervorragenden Eigenschaften aus. Rekvan Caravan, ein [&hellip;]<\/p>\n","protected":false},"author":1,"featured_media":5999,"comment_status":"open","ping_status":"closed","sticky":false,"template":"","format":"video","meta":{"footnotes":""},"categories":[293,294],"tags":[705,1795,717,704,748,1794],"class_list":["post-5223","post","type-post","status-publish","format-video","has-post-thumbnail","category-wohnwagen-wohnmobile-und-ausrustung","category-wohnwagenmarken-und-vorstellungen","tag-dogadayasam-de","tag-guvenlitatil-de","tag-konforluyolculuk-de","tag-modernkaravan-de","tag-ozgurseyahat-de","tag-rekvankaravan-de","post_format-post-format-video"],"_links":{"self":[{"href":"https:\/\/www.camperlogy-blog.com\/de\/wp-json\/wp\/v2\/posts\/5223","targetHints":{"allow":["GET"]}}],"collection":[{"href":"https:\/\/www.camperlogy-blog.com\/de\/wp-json\/wp\/v2\/posts"}],"about":[{"href":"https:\/\/www.camperlogy-blog.com\/de\/wp-json\/wp\/v2\/types\/post"}],"author":[{"embeddable":true,"href":"https:\/\/www.camperlogy-blog.com\/de\/wp-json\/wp\/v2\/users\/1"}],"replies":[{"embeddable":true,"href":"https:\/\/www.camperlogy-blog.com\/de\/wp-json\/wp\/v2\/comments?post=5223"}],"version-history":[{"count":2,"href":"https:\/\/www.camperlogy-blog.com\/de\/wp-json\/wp\/v2\/posts\/5223\/revisions"}],"predecessor-version":[{"id":11641,"href":"https:\/\/www.camperlogy-blog.com\/de\/wp-json\/wp\/v2\/posts\/5223\/revisions\/11641"}],"wp:featuredmedia":[{"embeddable":true,"href":"https:\/\/www.camperlogy-blog.com\/de\/wp-json\/wp\/v2\/media\/5999"}],"wp:attachment":[{"href":"https:\/\/www.camperlogy-blog.com\/de\/wp-json\/wp\/v2\/media?parent=5223"}],"wp:term":[{"taxonomy":"category","embeddable":true,"href":"https:\/\/www.camperlogy-blog.com\/de\/wp-json\/wp\/v2\/categories?post=5223"},{"taxonomy":"post_tag","embeddable":true,"href":"https:\/\/www.camperlogy-blog.com\/de\/wp-json\/wp\/v2\/tags?post=5223"}],"curies":[{"name":"wp","href":"https:\/\/api.w.org\/{rel}","templated":true}]}}